{"id":2401,"date":"2026-04-27T05:00:28","date_gmt":"2026-04-27T03:00:28","guid":{"rendered":"https:\/\/micronauta.com\/DOLORS\/?p=2401"},"modified":"2026-04-27T08:41:56","modified_gmt":"2026-04-27T06:41:56","slug":"27-abril","status":"publish","type":"post","link":"https:\/\/micronauta.com\/DOLORS\/2026\/04\/27\/27-abril\/","title":{"rendered":"27 Abril"},"content":{"rendered":"\n<p class=\"has-text-align-center has-background has-normal-font-size\" style=\"background-color:#8db6fc\"><strong>Si mi mente est\u00e1 lo bastante tranquila, podr\u00e9 ver el significado m\u00e1s profundo que hay detr\u00e1s de cada situaci\u00f3n<\/strong><\/p>\n\n\n\n<p><\/p>\n\n\n\n<div class=\"wp-block-image\"><figure class=\"aligncenter size-large is-resized\"><img loading=\"lazy\" src=\"https:\/\/micronauta.com\/DOLORS\/wp-content\/uploads\/2020\/04\/27.04.jpg\" alt=\"\" class=\"wp-image-2403\" width=\"459\" height=\"403\"\/><\/figure><\/div>\n\n\n\n<p><\/p>\n\n\n\n<p><strong>Reflexi\u00f3n y Pr\u00e1ctica para Hoy<\/strong>:<\/p>\n\n\n\n<p><\/p>\n\n\n\n<p><strong>Matinal: <\/strong>Lunes 27 <strong><a href=\"https:\/\/youtu.be\/4BRKhbMb9AM?si=6T81mnDd8zPwGxBO\">Recargar la bater\u00eda<\/a> para dar Luz<\/strong> G Sim\u00f3 <strong>(26)<\/strong><\/p>\n\n\n\n<p><a href=\"https:\/\/maximopotencial.com\/si-pierde-su-riqueza-no-ha-perdido-nada-si-pierde-su-salud-habr-perdido-algo-pero-si-pierde-su-paz-interior-lo-habr-perdido-todo-pensamiento-oriental\/\"><strong>\u00abSi pierde su riqueza, no ha perdido nada; Si pierde su salud, habr\u00e1 perdido algo; pero si pierde su paz interior, lo habr\u00e1 perdido todo.\u00bb \u2013 Pensamiento Oriental<\/strong><\/a> Blog: JosepSanvisens . . . En definitiva, hacemos todo lo que hacemos para sentirnos bi\u00e9n, para ser felices, para tener paz interior. Antes de emprender cualquier acci\u00f3n y en todos los actos nos podemos plantear una pregunta muy poderosa: <strong>Si hago esto, \u00bfMe sentir\u00e9 mejor despu\u00e9s de hacerlo?<\/strong> no nos autoenga\u00f1emos en la respuesta . . .<\/p>\n\n\n\n<p><strong><a href=\"https:\/\/youtu.be\/dM4c4AyN44Y?si=N5bcvL0FwkcsmXCr\">\u201cFluye con los imprevistos, \u00e1brete a lo nuevo\u201d<\/a><\/strong> E Gay\u00e1n <strong>(25)<\/strong> . . . <strong>Algo muy conectado con el momento presente <\/strong>. . .<\/p>\n\n\n\n<p><strong>Short:<\/strong> Ejercicio de profunda y total relajaci\u00f3n: <strong>Respira el ahora<\/strong>. <strong><a href=\"https:\/\/youtube.com\/shorts\/9jb7gFT-VZo?si=zrG_HnVJQWhw-vck\">BodyScan consciente<\/a><\/strong> Thich Bhat Hanh  . .<\/p>\n\n\n\n<p><strong>Matinal:<\/strong> <a href=\"https:\/\/youtu.be\/EbOv-65frls?si=mmjHrxpsG4yKJddB\"><strong>Inestabilidad exterior, estabilidad interior<\/strong><\/a> JM Barrero <strong>(24)<\/strong><\/p>\n\n\n\n<p><strong>Short: <a href=\"https:\/\/youtu.be\/2BYyqw-1Ei4?si=VxGzS44avpe41HaK\">C\u00f3mo saber si tienes paz interior<\/a><\/strong> ERojasMarcos . . .<\/p>\n\n\n\n<p><strong><a href=\"https:\/\/www.youtube.com\/live\/go9uqxe32Qc?feature=share\">Cuidar el presente, preparar el futuro<\/a><\/strong>&nbsp;E Gay\u00e1n <strong>(23)<\/strong><\/p>\n\n\n\n<p><strong>Short<\/strong>: <a href=\"https:\/\/youtube.com\/shorts\/sGSiSeOnwdI?si=IKfS5Jjwa4Bu-3a4\"><strong>La luz del ahora<\/strong><\/a> . . . Abandona tu pesar y tu sufrimiento . . . <\/p>\n\n\n\n<p><a href=\"https:\/\/youtu.be\/P6dI0nutrgg\">\u201cY <strong>ahora<\/strong>\u2026 <strong>\u00bfCu\u00e1l es mi siguiente paso?\u201d<\/strong><\/a> A P\u00e9rez <strong>(22)<\/strong><\/p>\n\n\n\n<p><strong>Short: <a href=\"https:\/\/youtube.com\/shorts\/YCgjysxjx9I?si=cJhDwOFZn_ydKZqh\">Aprender a respirar conscientemente es, vivir en el presente<\/a><\/strong> &#8230;<\/p>\n\n\n\n<p><a href=\"https:\/\/youtu.be\/ii2ZEQ_0x68\"><strong>Mirada amplia del pasado, del presente y del futuro<\/strong><\/a> A P\u00e9rez <strong>(21)<\/strong><\/p>\n\n\n\n<p><strong>Short: 5 frases estoicas para tener una mente en calma<\/strong> . . . Perlas de sabidur\u00eda de Zen\u00f3n de Citio el fundador: <strong>Memento mori, del lat\u00edn, para recordar la muerte, o recuerda, morir\u00e1s. Carpe diem significa Aprovecha el d\u00eda<\/strong>. Estas son sabidur\u00edas antiguas de los estoicos (s. III a.C en Atenas) que ayudan a permanecer en el ahora y tomar las mejores opciones para vivir una vida buena y satisfactoria. <strong>Zen\u00f3n<\/strong> dec\u00eda que <strong>ninguna p\u00e9rdida debe sernos m\u00e1s sensible que la del tiempo, puesto que esa p\u00e9rdida es irreparable<\/strong>. . . . <strong>Epicteto<\/strong> dec\u00eda: \u00ab<em><strong>Toma este momento<\/strong>. Sum\u00e9rgete en sus detalles. Responde a esta persona, este desaf\u00edo, esta acci\u00f3n. Deja las evasiones. Deja de buscar problemas innecesarios. Es hora de vivir; para <strong>habitar por completo la situaci\u00f3n en la que te encuentras ahora<\/strong><\/em>\u00ab.<\/p>\n\n\n\n<p><strong>Matinal:<\/strong> <strong><a href=\"https:\/\/youtu.be\/n2jLtna-B2s\">Hacer nuestra mente sutil y poderosa<\/a><\/strong> G Sim\u00f3 <strong>(20)<\/strong> . . . Poderosa <strong>meditaci\u00f3n para empezar el d\u00eda fortalecida\/o para lo que quiera que se presente<\/strong> &#8216;-) . . . <\/p>\n\n\n\n<p><strong>Short: <a href=\"https:\/\/youtube.com\/shorts\/NuplIQDnpmQ?si=PadaOHAEYpKmJmdG\">Trabaja en t\u00ed, en tu paz interior.<\/a> Que no te llleven a sus tormentas, mejor inv\u00edtalos a tu paz<\/strong> y, sino les interesa tu invitaci\u00f3n, un sincero gracias y Adi\u00f3s . . . @elpoderdelalma . . .<\/p>\n ","protected":false},"excerpt":{"rendered":"<p>Si mi mente est\u00e1 lo bastante tranquila, podr\u00e9 ver el significado m\u00e1s profundo que hay detr\u00e1s de cada situaci\u00f3n Reflexi\u00f3n y Pr\u00e1ctica para Hoy: Matinal: Lunes 27 Recargar la bater\u00eda para dar Luz G Sim\u00f3 (26) \u00abSi pierde su riqueza,&#8230;<\/p>\n","protected":false},"author":2,"featured_media":0,"comment_status":"closed","ping_status":"closed","sticky":false,"template":"","format":"standard","meta":[],"categories":[6],"tags":[],"_links":{"self":[{"href":"https:\/\/micronauta.com\/DOLORS\/wp-json\/wp\/v2\/posts\/2401"}],"collection":[{"href":"https:\/\/micronauta.com\/DOLORS\/wp-json\/wp\/v2\/posts"}],"about":[{"href":"https:\/\/micronauta.com\/DOLORS\/wp-json\/wp\/v2\/types\/post"}],"author":[{"embeddable":true,"href":"https:\/\/micronauta.com\/DOLORS\/wp-json\/wp\/v2\/users\/2"}],"replies":[{"embeddable":true,"href":"https:\/\/micronauta.com\/DOLORS\/wp-json\/wp\/v2\/comments?post=2401"}],"version-history":[{"count":21,"href":"https:\/\/micronauta.com\/DOLORS\/wp-json\/wp\/v2\/posts\/2401\/revisions"}],"predecessor-version":[{"id":22210,"href":"https:\/\/micronauta.com\/DOLORS\/wp-json\/wp\/v2\/posts\/2401\/revisions\/22210"}],"wp:attachment":[{"href":"https:\/\/micronauta.com\/DOLORS\/wp-json\/wp\/v2\/media?parent=2401"}],"wp:term":[{"taxonomy":"category","embeddable":true,"href":"https:\/\/micronauta.com\/DOLORS\/wp-json\/wp\/v2\/categories?post=2401"},{"taxonomy":"post_tag","embeddable":true,"href":"https:\/\/micronauta.com\/DOLORS\/wp-json\/wp\/v2\/tags?post=2401"}],"curies":[{"name":"wp","href":"https:\/\/api.w.org\/{rel}","templated":true}]}}