{"id":2458,"date":"2026-04-29T05:01:44","date_gmt":"2026-04-29T03:01:44","guid":{"rendered":"https:\/\/micronauta.com\/DOLORS\/?p=2458"},"modified":"2026-04-29T09:47:33","modified_gmt":"2026-04-29T07:47:33","slug":"29-abril","status":"publish","type":"post","link":"https:\/\/micronauta.com\/DOLORS\/2026\/04\/29\/29-abril\/","title":{"rendered":"29 Abril"},"content":{"rendered":"\n<p class=\"has-text-align-center has-background\" style=\"font-size:15px;background-color:#f78d8e\"><strong>Cuando combino el poder de la fe en m\u00ed mismo con las motivaciones m\u00e1s puras, puedo alcanzar cualquier cosa<\/strong><\/p>\n\n\n\n<p><\/p>\n\n\n\n<div class=\"wp-block-image\"><figure class=\"aligncenter size-large is-resized\"><img loading=\"lazy\" src=\"https:\/\/micronauta.com\/DOLORS\/wp-content\/uploads\/2020\/04\/29.04-1024x802.jpg\" alt=\"\" class=\"wp-image-2459\" width=\"347\" height=\"272\" srcset=\"https:\/\/micronauta.com\/DOLORS\/wp-content\/uploads\/2020\/04\/29.04-1024x802.jpg 1024w, https:\/\/micronauta.com\/DOLORS\/wp-content\/uploads\/2020\/04\/29.04-300x235.jpg 300w, https:\/\/micronauta.com\/DOLORS\/wp-content\/uploads\/2020\/04\/29.04-768x601.jpg 768w, https:\/\/micronauta.com\/DOLORS\/wp-content\/uploads\/2020\/04\/29.04-1536x1202.jpg 1536w, https:\/\/micronauta.com\/DOLORS\/wp-content\/uploads\/2020\/04\/29.04-2048x1603.jpg 2048w\" sizes=\"(max-width: 347px) 100vw, 347px\" \/><\/figure><\/div>\n\n\n\n<p><\/p>\n\n\n\n<p><strong>Reflexi\u00f3n y Pr\u00e1ctica para Hoy<\/strong>:<\/p>\n\n\n\n<p><strong>Short: <a href=\"https:\/\/youtube.com\/shorts\/fNVOdWZ9zZs?si=j8IUvSP62tE9EoLj\">No puedes controlar la situaci\u00f3n? <\/a><\/strong>La \u00fanica cosa que puedes controlar es tu actitud delante de esa situaci\u00f3n . . . BK Shivani . . . <strong>Qui\u00e9n es el creador de c\u00f3mo me siento?<\/strong> . . . <\/p>\n\n\n\n<p style=\"font-size:15px\"><strong>Matinal:<\/strong> Mi\u00e9rcoles 29 <strong><a href=\"https:\/\/youtu.be\/j2xryx7EhWs?si=nDYxFXdoRU99G6qq\">Visual\u00edzate c\u00f3mo quieres ser y, lo ser\u00e1s<\/a><\/strong> M Matar\u00edn <strong>(26)<\/strong><\/p>\n\n\n\n<p><strong>Short: <a href=\"https:\/\/youtu.be\/bBkcE8njy4g?si=Tl8HH09BbVONGcgk\">Quieres aumentar la confianza en t\u00ed mismo?<\/a> <\/strong>SadhGuru . . . Nuestra sociedad nos ha educado para ser el mejor, el n\u00famero uno . . . Yo no debo estar por encima de los dem\u00e1s para sentirme bien o ser el mejor. <strong>Vivimos en una dualidad constante sin apenas prestar atenci\u00f3n y experimentar todas las dimensiones de la vida.<\/strong> Somos seres en un planeta llamado Tierra y, cualquier ser vivo, ha sido creado con la misma atenci\u00f3n. As\u00ed que, <strong>qui\u00e9n soy yo para pensar que una hormiga es una criatura insignificante y que yo, soy superior.<\/strong> La creaci\u00f3n no ha hecho ese juicio. Si cualquier insecto, animal por diminuto que sea, desaparece de nuestro planeta, al poco tiempo, la vida desaparecer\u00e1. <strong>Si todos los seres humanos mueren, el planeta florecer\u00e1. Entonces, qui\u00e9n te dice que eres la vida m\u00e1s significativa?<\/strong> En el cosmos, el planeta Tierra es un peque\u00f1o punto y, donde sea que est\u00e9s o te encuentres en este momento, es un micro punto. Ah\u00ed, <strong>ya eres una gran persona, con una gran autoestima<\/strong>. La mayor\u00eda de los seres humanos de este planeta, sufre en esencia, por esto: Todav\u00eda no han descubierto c\u00f3mo gestionar sus pensamientos, sus emociones. Es una facultad b\u00e1sica, responsabilizarnos de c\u00f3mo nos sentimos. Sino aprendemos a gestionar nuestra propia mente, nuestras propias emociones, nos vamos autodiscapcitando nosotros mismos. Simplemente, por haber hecho divisiones antinaturales de la existencia que no existen en ning\u00edn otro lugar excepto en la mente humana. SadhGuru a su hija: <strong>\u00abNunca admires a nadie y nunca menosprecies a nadie\u00bb.<\/strong> Si ves todo, tal y como ya es, toda criatura tiene un valor inmenso y hemos vivido y vivimos sin darnos cuenta de ello. Simplemente, porque estamos en la dualidad de lo que nos parece valioso y de lo que no lo es. Y es que TODO tiene valor. Quiz\u00e1s es que no somos capaces de verlo. <strong>La vida no es una competici\u00f3n. Es un privilegio y una capacidad que tenemos para experimentarla desde una proporci\u00f3n mucho mayor que la de cualquier otra criatura de este planeta. <\/strong>Ah\u00ed radica la importancia de qui\u00e9n somos. Y desde ah\u00ed, en lugar de experimentar la vida en todas sus dimensiones para vivir en plenitud, estamos intentando ganar la carrera. Cuando deber\u00edamos ser voluntarios de hacer lo que sea necesario y dar lo mejor de nosotros, siempre. <strong>La vida es servicio: Mansaseva: El servicio de la mente<\/strong> . . .<\/p>\n\n\n\n<p><strong>Matinal:<\/strong> <strong><a href=\"https:\/\/youtu.be\/qkhsoZjWRx0?si=iB0q5AaVmjkqJngI\">Meditaci\u00f3n &#8211; Inspiraci\u00f3n<\/a><\/strong> <strong>(24)<\/strong> . . . Al ver el estado del mundo en este tiempo, me vuelvo una compa\u00f1era de la Divinidad. Me concentro en ser un otorgador y dar buenos deseos, vibraciones poderosas, palabras sabias, mi silencio o simplemente mi presencia. Doy a todos, como la Divinidad, sin juzgar. <strong>Al constantemente dar, nada negativo del mundo puede entrar<\/strong> . . . <\/p>\n\n\n\n<p><strong>Short: <a href=\"https:\/\/youtube.com\/shorts\/DF7zpUUZOGo?si=lq80cu2Gvs5K4yxu\">En qu\u00e9 nos diferenciamos de las m\u00e1quinas?<\/a> <\/strong>E Dur\u00f3 . . . <strong>La vida es igual para todo el mundo; lo que no es igual es, c\u00f3mo la interpretamos<\/strong>. Es cierto que la infancia nos marca de por vida. En la vida no se fracasa por golpes racionales, se fracasa por golpes emocionales. <strong>Con el tiempo, te das cuenta de que la vida no es racional, es emocional.<\/strong> Esa es, <strong>la gran asignatura pendiente de la mayor\u00eda de los seres humanos<\/strong>. Nos han ense\u00f1ado conocimientos. No nos han ense\u00f1ado actitudes. Lo que puedes hacer, una m\u00e1quina lo har\u00e1 mejor que nosotros. En menos de 20 a\u00f1os las m\u00e1quinas ser\u00e1n superiores a nosotros. En menos de 40 a\u00f1os cualquier m\u00e1quina tendr\u00e1 m\u00e1s informaci\u00f3n que toda la humanidad junta. <strong>S\u00f3lo hay una cosa que por ahora, no nos pueden ganar y es, en emociones, en Ilusi\u00f3n, en Pasi\u00f3n, en entusiasmo, en Alegr\u00eda<\/strong> . . .<\/p>\n\n\n\n<p><strong>Matinal:<\/strong> <a href=\"https:\/\/youtu.be\/BbD6eJBKWJk\"><strong>Sincroniza con la vida<\/strong><\/a> E Sim\u00f3 <strong>(23)<\/strong><\/p>\n\n\n\n<p><strong>Short<\/strong>: <strong><a href=\"https:\/\/youtube.com\/shorts\/QCFUmysc_bo?si=lT4vP59wA59blS9S\">2 motivos para seguir adelante<\/a><\/strong> M AlonsoPuig . . . Uno, porque tiene claro que al final va a merecer la pena , es decir, deja de estar atrapada por el miedo y <strong>empieza a ser guiada por la fe, por esa certeza<\/strong>. Algo va emerger de este dolor, de esa situaci\u00f3n molesta. y 2. Cuando alguien <strong>se siente acompa\u00f1ada y apoyada por otra persona<\/strong> . . .<\/p>\n\n\n\n<p><strong>Matinal:<\/strong> <a href=\"https:\/\/youtu.be\/q2ZAW_F2RLM\"><strong>F\u00e9 en la vict\u00f3ria<\/strong><\/a> E Sim\u00f3 <strong>(22)<\/strong><\/p>\n\n\n\n<p><strong>Short: <a href=\"https:\/\/youtube.com\/shorts\/ARHXqANOYZU?si=_w4KhNUbz0NzScsz\">En un mundo que constantemente est\u00e1 en cambio y cambia a tal velocidad que pretender crecer<\/a> sin pasar por la zona de hundimiento es una utop\u00eda.<\/strong> M AlonsoPuig . . . Ahora, <strong>pretender mantenerse caminando en medio de la incomodidad y, en medio del miedo sin tener la convicci\u00f3n, la certeza de que algo se va a abrir <\/strong>o sentir el apoyo de otras personas que, creen en t\u00ed, que te acompa\u00f1an, que te quierem, que te valoran. Eso, <strong>hace muy dif\u00edcil el caminar y, hace muy f\u00e1cil el volver atr\u00e1s<\/strong> . . .<\/p>\n\n\n\n<p><a href=\"https:\/\/youtu.be\/6Ho0cg5sCYM\"><strong>Meditar para tener fe en ti, en la Luz Suprema y en la vida<\/strong><\/a> J A Cruz <strong>(21)<\/strong><\/p>\n\n\n\n<p><strong>Short: <a href=\"https:\/\/youtube.com\/shorts\/zV91JIcKoDc?si=1yu9IOSnYJim6-lS\">Cree que puedes y estar\u00e1s a mitad de camino<\/a><\/strong> TRoesevelt . . .<\/p>\n\n\n\n<p><strong><a rel=\"noreferrer noopener\" href=\"https:\/\/micronauta.com\/arxiusdolors\/meditacion_confia_en_la_vida.mp3\" target=\"_blank\">Confia en la Vida<\/a><\/strong> <strong>(Audio)<\/strong> E Sim\u00f3 <strong>(20)<\/strong><\/p>\n\n\n\n<p><strong>Short: <a href=\"https:\/\/youtube.com\/shorts\/3ZI_Nc5mOfg?si=RieT5lmflVlPvF81\">El sistema no quiere que pienses<\/a><\/strong> BVilaseca . . .<\/p>\n ","protected":false},"excerpt":{"rendered":"<p>Cuando combino el poder de la fe en m\u00ed mismo con las motivaciones m\u00e1s puras, puedo alcanzar cualquier cosa Reflexi\u00f3n y Pr\u00e1ctica para Hoy: Short: No puedes controlar la situaci\u00f3n? La \u00fanica cosa que puedes controlar es tu actitud delante&#8230;<\/p>\n","protected":false},"author":2,"featured_media":0,"comment_status":"closed","ping_status":"closed","sticky":false,"template":"","format":"standard","meta":[],"categories":[6],"tags":[],"_links":{"self":[{"href":"https:\/\/micronauta.com\/DOLORS\/wp-json\/wp\/v2\/posts\/2458"}],"collection":[{"href":"https:\/\/micronauta.com\/DOLORS\/wp-json\/wp\/v2\/posts"}],"about":[{"href":"https:\/\/micronauta.com\/DOLORS\/wp-json\/wp\/v2\/types\/post"}],"author":[{"embeddable":true,"href":"https:\/\/micronauta.com\/DOLORS\/wp-json\/wp\/v2\/users\/2"}],"replies":[{"embeddable":true,"href":"https:\/\/micronauta.com\/DOLORS\/wp-json\/wp\/v2\/comments?post=2458"}],"version-history":[{"count":18,"href":"https:\/\/micronauta.com\/DOLORS\/wp-json\/wp\/v2\/posts\/2458\/revisions"}],"predecessor-version":[{"id":22231,"href":"https:\/\/micronauta.com\/DOLORS\/wp-json\/wp\/v2\/posts\/2458\/revisions\/22231"}],"wp:attachment":[{"href":"https:\/\/micronauta.com\/DOLORS\/wp-json\/wp\/v2\/media?parent=2458"}],"wp:term":[{"taxonomy":"category","embeddable":true,"href":"https:\/\/micronauta.com\/DOLORS\/wp-json\/wp\/v2\/categories?post=2458"},{"taxonomy":"post_tag","embeddable":true,"href":"https:\/\/micronauta.com\/DOLORS\/wp-json\/wp\/v2\/tags?post=2458"}],"curies":[{"name":"wp","href":"https:\/\/api.w.org\/{rel}","templated":true}]}}