{"id":2510,"date":"2026-05-02T05:01:14","date_gmt":"2026-05-02T03:01:14","guid":{"rendered":"https:\/\/micronauta.com\/DOLORS\/?p=2510"},"modified":"2026-05-02T21:01:08","modified_gmt":"2026-05-02T19:01:08","slug":"2-mayo","status":"publish","type":"post","link":"https:\/\/micronauta.com\/DOLORS\/2026\/05\/02\/2-mayo\/","title":{"rendered":"2 Mayo"},"content":{"rendered":"\n<p class=\"has-text-align-center has-background\" style=\"font-size:17px;background-color:#f7a68d\"><strong>Cuanto m\u00e1s aprovecho las oportunidades que surgen en mi camino, mayor es mi capacidad<\/strong><\/p>\n\n\n\n<p><\/p>\n\n\n\n<div class=\"wp-block-image\"><figure class=\"aligncenter size-large is-resized\"><img loading=\"lazy\" src=\"https:\/\/micronauta.com\/DOLORS\/wp-content\/uploads\/2020\/05\/2.05.jpg\" alt=\"\" class=\"wp-image-2511\" width=\"301\" height=\"455\" srcset=\"https:\/\/micronauta.com\/DOLORS\/wp-content\/uploads\/2020\/05\/2.05.jpg 202w, https:\/\/micronauta.com\/DOLORS\/wp-content\/uploads\/2020\/05\/2.05-198x300.jpg 198w\" sizes=\"(max-width: 301px) 100vw, 301px\" \/><\/figure><\/div>\n\n\n\n<p><\/p>\n\n\n\n<p><strong>Reflexi\u00f3n y Pr\u00e1ctica para Hoy<\/strong>:<\/p>\n\n\n\n<p><strong>S\u00e1bado 2 <a href=\"https:\/\/youtu.be\/GYZuZAssoaw?si=1JkpPwrZ5neJ7tJ4\">Cambiar las dificultades por regalos<\/a><\/strong> JM Barrero <strong>(26)<\/strong><\/p>\n\n\n\n<p><strong>Matinal: <\/strong>Viernes 2 <strong><a href=\"https:\/\/youtu.be\/bBmV35RQSZY?si=bRpfwOzcPRXRqHLU\">La conquista interior<\/a><\/strong> E Santos <strong>(25)<\/strong> . . . <strong>C\u00f3mo ser un destructor de obst\u00e1culos sin sentir que est\u00e1s en lucha<\/strong> . . . <\/p>\n\n\n\n<p><strong>Short: <a href=\"https:\/\/youtube.com\/shorts\/h1oS8SFLjug?si=CjerPuFehQ6mbK0p\">Cada problema, cada adversidad es una oportunidad disfrazada<\/a><\/strong> <strong>para crecer y crear entusiasmo<\/strong> . . .<\/p>\n\n\n\n<p><strong>Matinal: <a href=\"https:\/\/www.youtube.com\/live\/cYFix2479cI?si=YBUWB54mUzBFBLLf\">Tr\u00e1tate con amabilidad<\/a><\/strong> E Gay\u00e1n <strong>(24)<\/strong><\/p>\n\n\n\n<p><strong>Matinal: <\/strong><a href=\"https:\/\/youtu.be\/Muju__s_rAk\"><strong>El poder transformador de los pensamientos<\/strong><\/a> E Sim\u00f3 (23) . . . Como siempre, <strong>antes de la meditaci\u00f3n, primero debemos relajar y soltar el cuerpo y luego, conectar con la respiraci\u00f3n que es lo que nos ancla en el momento presente<\/strong>. Enrique, nos deleita con una poderosa meditaci\u00f3n. <strong>Un tiempo de calidad para prepararme el d\u00eda que tengo por delante<\/strong> y fortalecerme interiormente con pensamientos espirituales y elevados. <strong>Recordar durante el d\u00eda el objetivo diario:<\/strong> \u00abSoy un ser consciente, hay un gran potencial dentro de m\u00ed\u00bb. \u00abSoy el creador de mis pensamientos y de mis sentimientos, <strong>soy el protagonista de mi vida, as\u00ed que puedo transformar esos pensamientos negativos e in\u00fatiles que van y vienen durante el d\u00eda<\/strong>. Tengo el poder de generar esa energ\u00eda interior que me da fortaleza y me empodera para <strong>afrontar eso que llamo \u00abproblemas o dificultades\u00bb por retos y posibilidades que se convierten en grandes oportunidades<\/strong>, haciendo que mi vida sea completamente distinta . . .<\/p>\n\n\n\n<p><a href=\"https:\/\/youtu.be\/Oryinkhl3Z4\"><strong>\u201cEntender y superar las crisis\u00bb<\/strong><\/a> M Moreno <strong>(22)<\/strong><\/p>\n\n\n\n<p><a href=\"https:\/\/youtu.be\/u1SqECKpm94\"><strong>Los conflictos; \u00bfproblema u oportunidad<\/strong><\/a> R Ribalta <strong>(21)<\/strong><\/p>\n\n\n\n<p><a href=\"https:\/\/youtu.be\/riL2CxK-L-E\"><strong>Precauci\u00f3n sin miedos<\/strong><\/a> M Moreno <strong>(20)<\/strong><\/p>\n\n\n\n<p><\/p>\n ","protected":false},"excerpt":{"rendered":"<p>Cuanto m\u00e1s aprovecho las oportunidades que surgen en mi camino, mayor es mi capacidad Reflexi\u00f3n y Pr\u00e1ctica para Hoy: S\u00e1bado 2 Cambiar las dificultades por regalos JM Barrero (26) Matinal: Viernes 2 La conquista interior E Santos (25) . &#8230;.<\/p>\n","protected":false},"author":2,"featured_media":0,"comment_status":"closed","ping_status":"closed","sticky":false,"template":"","format":"standard","meta":[],"categories":[6],"tags":[],"_links":{"self":[{"href":"https:\/\/micronauta.com\/DOLORS\/wp-json\/wp\/v2\/posts\/2510"}],"collection":[{"href":"https:\/\/micronauta.com\/DOLORS\/wp-json\/wp\/v2\/posts"}],"about":[{"href":"https:\/\/micronauta.com\/DOLORS\/wp-json\/wp\/v2\/types\/post"}],"author":[{"embeddable":true,"href":"https:\/\/micronauta.com\/DOLORS\/wp-json\/wp\/v2\/users\/2"}],"replies":[{"embeddable":true,"href":"https:\/\/micronauta.com\/DOLORS\/wp-json\/wp\/v2\/comments?post=2510"}],"version-history":[{"count":17,"href":"https:\/\/micronauta.com\/DOLORS\/wp-json\/wp\/v2\/posts\/2510\/revisions"}],"predecessor-version":[{"id":22257,"href":"https:\/\/micronauta.com\/DOLORS\/wp-json\/wp\/v2\/posts\/2510\/revisions\/22257"}],"wp:attachment":[{"href":"https:\/\/micronauta.com\/DOLORS\/wp-json\/wp\/v2\/media?parent=2510"}],"wp:term":[{"taxonomy":"category","embeddable":true,"href":"https:\/\/micronauta.com\/DOLORS\/wp-json\/wp\/v2\/categories?post=2510"},{"taxonomy":"post_tag","embeddable":true,"href":"https:\/\/micronauta.com\/DOLORS\/wp-json\/wp\/v2\/tags?post=2510"}],"curies":[{"name":"wp","href":"https:\/\/api.w.org\/{rel}","templated":true}]}}